{"id":892,"date":"2024-12-17T00:00:00","date_gmt":"2024-12-17T00:00:00","guid":{"rendered":"https:\/\/discotecaanaconda.com\/index.php\/2024\/12\/17\/el-festival-internacional-de-cine-documental-y-cortometraje-de-bilbao-zinebi-selecciona-los-cortometrajes-para-la-edicion-2024-del-programa-el-dia-mas-corto-edc-con-el-titulo\/"},"modified":"2024-12-17T00:00:00","modified_gmt":"2024-12-17T00:00:00","slug":"el-festival-internacional-de-cine-documental-y-cortometraje-de-bilbao-zinebi-selecciona-los-cortometrajes-para-la-edicion-2024-del-programa-el-dia-mas-corto-edc-con-el-titulo","status":"publish","type":"post","link":"https:\/\/discotecaanaconda.com\/index.php\/2024\/12\/17\/el-festival-internacional-de-cine-documental-y-cortometraje-de-bilbao-zinebi-selecciona-los-cortometrajes-para-la-edicion-2024-del-programa-el-dia-mas-corto-edc-con-el-titulo\/","title":{"rendered":"EL FESTIVAL INTERNACIONAL DE CINE DOCUMENTAL Y CORTOMETRAJE DE BILBAO-ZINEBI, SELECCIONA LOS CORTOMETRAJES PARA LA EDICI\u00d3N 2024 DEL PROGRAMA \u201cEL D\u00cdA M\u00c1S CORTO [ED+C]\u201d CON EL T\u00cdTULO \u201cZINEBI, UN SUE\u00d1O L\u00daCIDO\u201d"},"content":{"rendered":"<p>\t<strong>Los cortometrajes elegidos estar\u00e1n disponibles online durante cuatro d\u00edas, del 19 al 23 de diciembre. Adem\u00e1s, se proyectar\u00e1n en el <a href=\"https:\/\/vimeo.com\/showcase\/el-dia-mas-corto-2024-zinebi\">canal Vimeo del Instituto Cervantes<\/a>, que ha programado la sesi\u00f3n en una veintena de sedes de la entidad, desde Australia y Jap\u00f3n a Estados Unidos o Brasil. <\/strong><br \/>\n\t<strong><a href=\"https:\/\/zinebi.eus\/\">ZINEBI<\/a> ha escogido el cortometraje en euskera<em> Berak baleki <\/em>(Aitor Gametxo, 2021), las pel\u00edculas ganadoras del Gran Premio del Cine Espa\u00f1ol del Festival en 2023 (<em>El soldao<\/em>, de Alejandro Cabrera) y 2022 (<em>Olores<\/em>, de Alba Esquinas) y <em>La herida luminosa<\/em> (Christian Avil\u00e9s, 2022), que tuvo en Bilbao su estreno mundial.<\/strong><\/p>","protected":false},"excerpt":{"rendered":"<p>Los cortometrajes elegidos estar\u00e1n disponibles online durante cuatro d\u00edas, del 19 al 23 de diciembre. Adem\u00e1s, se proyectar\u00e1n en el canal Vimeo del Instituto Cervantes, que ha programado la sesi\u00f3n en una veintena de sedes de la entidad, desde Australia y Jap\u00f3n a Estados Unidos o Brasil. ZINEBI ha escogido el cortometraje en euskera Berak [&hellip;]<\/p>\n","protected":false},"author":0,"featured_media":0,"comment_status":"open","ping_status":"open","sticky":false,"template":"","format":"standard","meta":{"footnotes":""},"categories":[1],"tags":[],"class_list":["post-892","post","type-post","status-publish","format-standard","hentry","category-sin-categoria"],"_links":{"self":[{"href":"https:\/\/discotecaanaconda.com\/index.php\/wp-json\/wp\/v2\/posts\/892","targetHints":{"allow":["GET"]}}],"collection":[{"href":"https:\/\/discotecaanaconda.com\/index.php\/wp-json\/wp\/v2\/posts"}],"about":[{"href":"https:\/\/discotecaanaconda.com\/index.php\/wp-json\/wp\/v2\/types\/post"}],"replies":[{"embeddable":true,"href":"https:\/\/discotecaanaconda.com\/index.php\/wp-json\/wp\/v2\/comments?post=892"}],"version-history":[{"count":0,"href":"https:\/\/discotecaanaconda.com\/index.php\/wp-json\/wp\/v2\/posts\/892\/revisions"}],"wp:attachment":[{"href":"https:\/\/discotecaanaconda.com\/index.php\/wp-json\/wp\/v2\/media?parent=892"}],"wp:term":[{"taxonomy":"category","embeddable":true,"href":"https:\/\/discotecaanaconda.com\/index.php\/wp-json\/wp\/v2\/categories?post=892"},{"taxonomy":"post_tag","embeddable":true,"href":"https:\/\/discotecaanaconda.com\/index.php\/wp-json\/wp\/v2\/tags?post=892"}],"curies":[{"name":"wp","href":"https:\/\/api.w.org\/{rel}","templated":true}]}}