{"id":2475,"date":"2026-03-11T00:00:00","date_gmt":"2026-03-11T00:00:00","guid":{"rendered":"https:\/\/discotecaanaconda.com\/index.php\/2026\/03\/11\/musika-musica-consolida-su-apuesta-por-atraer-nuevos-publicos-durante-su-25a-edicion\/"},"modified":"2026-03-11T00:00:00","modified_gmt":"2026-03-11T00:00:00","slug":"musika-musica-consolida-su-apuesta-por-atraer-nuevos-publicos-durante-su-25a-edicion","status":"publish","type":"post","link":"https:\/\/discotecaanaconda.com\/index.php\/2026\/03\/11\/musika-musica-consolida-su-apuesta-por-atraer-nuevos-publicos-durante-su-25a-edicion\/","title":{"rendered":"MUSIKA-M\u00daSICA CONSOLIDA SU APUESTA POR ATRAER NUEVOS P\u00daBLICOS DURANTE SU 25\u00aa EDICI\u00d3N"},"content":{"rendered":"<ul>\n<li><strong>La edici\u00f3n de 2026 vuelve a reunir a un p\u00fablico diverso y heterog\u00e9neo de origen local, estatal y europeo, en el que destaca especialmente la presencia de familias, j\u00f3venes y estudiantes de conservatorios.<\/strong><\/li>\n<li><strong>El espect\u00e1culo infantil \u201cLumina\u201d a cargo de Musbika Ensemble ha registrado lleno absoluto en los tres pases confirmando el creciente inter\u00e9s por acercar la m\u00fasica cl\u00e1sica a los y las m\u00e1s peque\u00f1os y peque\u00f1as. <\/strong><\/li>\n<li><strong>Mantiene fiel al p\u00fablico franc\u00e9s que acude tradicionalmente a la cita bilbaina y confirma la proyecci\u00f3n internacional alcanzada por el Festival durante sus 25 a\u00f1os. <\/strong><\/li>\n<li><strong>Musika-M\u00fasica ya trabaja en la programaci\u00f3n de 2027, que girar\u00e1 en torno a la figura de Beethoven. <\/strong><\/li>\n<\/ul>","protected":false},"excerpt":{"rendered":"<p>La edici\u00f3n de 2026 vuelve a reunir a un p\u00fablico diverso y heterog\u00e9neo de origen local, estatal y europeo, en el que destaca especialmente la presencia de familias, j\u00f3venes y estudiantes de conservatorios. El espect\u00e1culo infantil \u201cLumina\u201d a cargo de Musbika Ensemble ha registrado lleno absoluto en los tres pases confirmando el creciente inter\u00e9s por [&hellip;]<\/p>\n","protected":false},"author":1,"featured_media":0,"comment_status":"open","ping_status":"open","sticky":false,"template":"","format":"standard","meta":{"footnotes":""},"categories":[1],"tags":[],"class_list":["post-2475","post","type-post","status-publish","format-standard","hentry","category-sin-categoria"],"_links":{"self":[{"href":"https:\/\/discotecaanaconda.com\/index.php\/wp-json\/wp\/v2\/posts\/2475","targetHints":{"allow":["GET"]}}],"collection":[{"href":"https:\/\/discotecaanaconda.com\/index.php\/wp-json\/wp\/v2\/posts"}],"about":[{"href":"https:\/\/discotecaanaconda.com\/index.php\/wp-json\/wp\/v2\/types\/post"}],"author":[{"embeddable":true,"href":"https:\/\/discotecaanaconda.com\/index.php\/wp-json\/wp\/v2\/users\/1"}],"replies":[{"embeddable":true,"href":"https:\/\/discotecaanaconda.com\/index.php\/wp-json\/wp\/v2\/comments?post=2475"}],"version-history":[{"count":0,"href":"https:\/\/discotecaanaconda.com\/index.php\/wp-json\/wp\/v2\/posts\/2475\/revisions"}],"wp:attachment":[{"href":"https:\/\/discotecaanaconda.com\/index.php\/wp-json\/wp\/v2\/media?parent=2475"}],"wp:term":[{"taxonomy":"category","embeddable":true,"href":"https:\/\/discotecaanaconda.com\/index.php\/wp-json\/wp\/v2\/categories?post=2475"},{"taxonomy":"post_tag","embeddable":true,"href":"https:\/\/discotecaanaconda.com\/index.php\/wp-json\/wp\/v2\/tags?post=2475"}],"curies":[{"name":"wp","href":"https:\/\/api.w.org\/{rel}","templated":true}]}}