{"id":2472,"date":"2026-03-10T00:00:00","date_gmt":"2026-03-10T00:00:00","guid":{"rendered":"https:\/\/discotecaanaconda.com\/index.php\/2026\/03\/10\/bilbaopoesia-celebra-el-dia-de-blas-de-otero-con-los-versos-de-pido-la-paz-y-la-palabra-recitados-por-charo-lopez\/"},"modified":"2026-03-10T00:00:00","modified_gmt":"2026-03-10T00:00:00","slug":"bilbaopoesia-celebra-el-dia-de-blas-de-otero-con-los-versos-de-pido-la-paz-y-la-palabra-recitados-por-charo-lopez","status":"publish","type":"post","link":"https:\/\/discotecaanaconda.com\/index.php\/2026\/03\/10\/bilbaopoesia-celebra-el-dia-de-blas-de-otero-con-los-versos-de-pido-la-paz-y-la-palabra-recitados-por-charo-lopez\/","title":{"rendered":"BILBAOPOES\u00cdA CELEBRA EL D\u00cdA DE BLAS DE OTERO CON LOS VERSOS DE \u201cPIDO LA PAZ Y LA PALABRA\u201d RECITADOS POR CHARO L\u00d3PEZ"},"content":{"rendered":"<ul>\n<li><strong>Junto a la actriz, estar\u00e1n en el escenario de la Biblioteca de Bidebarrieta el bar\u00edtono Luis Santana y el pianista V\u00edctor Carbajo. <\/strong><\/li>\n<li>\n<strong>La programaci\u00f3n comienza el jueves 12 con el recital \u201cC\u00f3digos de mujer\u201d<\/strong> <strong>con la participaci\u00f3n de dos poetas rumanas, Ruxandra Cesereanu y Corina Oproae, y la vasca Miren Agur Meabe.<\/strong>\n<\/li>\n<li><strong>Poes\u00eda, amor y humor unen al Premio Reina Sof\u00eda de Poes\u00eda 2025, Luis Alberto de Cuenca, y al poeta, periodista y cr\u00edtico literario Javier Lostal\u00e9 el viernes 13.<\/strong><\/li>\n<li><strong>BILBAOPOES\u00cdA, q ue se celebra hasta el pr\u00f3ximo 22 de marzo, reunir\u00e1 a una amplia representaci\u00f3n de poetas de primera l\u00ednea de Euskadi, del Estado y del panorama internacional.<\/strong><\/li>\n<\/ul>","protected":false},"excerpt":{"rendered":"<p>Junto a la actriz, estar\u00e1n en el escenario de la Biblioteca de Bidebarrieta el bar\u00edtono Luis Santana y el pianista V\u00edctor Carbajo. La programaci\u00f3n comienza el jueves 12 con el recital \u201cC\u00f3digos de mujer\u201d con la participaci\u00f3n de dos poetas rumanas, Ruxandra Cesereanu y Corina Oproae, y la vasca Miren Agur Meabe. Poes\u00eda, amor y [&hellip;]<\/p>\n","protected":false},"author":1,"featured_media":0,"comment_status":"open","ping_status":"open","sticky":false,"template":"","format":"standard","meta":{"footnotes":""},"categories":[1],"tags":[],"class_list":["post-2472","post","type-post","status-publish","format-standard","hentry","category-sin-categoria"],"_links":{"self":[{"href":"https:\/\/discotecaanaconda.com\/index.php\/wp-json\/wp\/v2\/posts\/2472","targetHints":{"allow":["GET"]}}],"collection":[{"href":"https:\/\/discotecaanaconda.com\/index.php\/wp-json\/wp\/v2\/posts"}],"about":[{"href":"https:\/\/discotecaanaconda.com\/index.php\/wp-json\/wp\/v2\/types\/post"}],"author":[{"embeddable":true,"href":"https:\/\/discotecaanaconda.com\/index.php\/wp-json\/wp\/v2\/users\/1"}],"replies":[{"embeddable":true,"href":"https:\/\/discotecaanaconda.com\/index.php\/wp-json\/wp\/v2\/comments?post=2472"}],"version-history":[{"count":0,"href":"https:\/\/discotecaanaconda.com\/index.php\/wp-json\/wp\/v2\/posts\/2472\/revisions"}],"wp:attachment":[{"href":"https:\/\/discotecaanaconda.com\/index.php\/wp-json\/wp\/v2\/media?parent=2472"}],"wp:term":[{"taxonomy":"category","embeddable":true,"href":"https:\/\/discotecaanaconda.com\/index.php\/wp-json\/wp\/v2\/categories?post=2472"},{"taxonomy":"post_tag","embeddable":true,"href":"https:\/\/discotecaanaconda.com\/index.php\/wp-json\/wp\/v2\/tags?post=2472"}],"curies":[{"name":"wp","href":"https:\/\/api.w.org\/{rel}","templated":true}]}}