{"id":2459,"date":"2026-03-06T00:00:00","date_gmt":"2026-03-06T00:00:00","guid":{"rendered":"https:\/\/discotecaanaconda.com\/index.php\/2026\/03\/06\/el-ayuntamiento-de-bilbao-impulsa-con-una-jornada-tecnica-el-primer-plan-operativo-del-plan-municipal-de-atencion-a-las-personas-sin-hogar-2025-2030\/"},"modified":"2026-03-06T00:00:00","modified_gmt":"2026-03-06T00:00:00","slug":"el-ayuntamiento-de-bilbao-impulsa-con-una-jornada-tecnica-el-primer-plan-operativo-del-plan-municipal-de-atencion-a-las-personas-sin-hogar-2025-2030","status":"publish","type":"post","link":"https:\/\/discotecaanaconda.com\/index.php\/2026\/03\/06\/el-ayuntamiento-de-bilbao-impulsa-con-una-jornada-tecnica-el-primer-plan-operativo-del-plan-municipal-de-atencion-a-las-personas-sin-hogar-2025-2030\/","title":{"rendered":"EL AYUNTAMIENTO DE BILBAO IMPULSA CON UNA JORNADA T\u00c9CNICA EL PRIMER PLAN OPERATIVO DEL PLAN MUNICIPAL DE ATENCI\u00d3N A LAS PERSONAS SIN HOGAR 2025 -2030"},"content":{"rendered":"<ul>\n<li><strong>El Alcalde de Bilbao ha inaugurado hoy esta jornada t\u00e9cnica, orientada a concretar el I Plan Operativo, junto a m\u00e1s de sesenta profesionales de distintos \u00e1mbitos institucionales y del Tercer Sector.<\/strong><\/li>\n<li><strong>El Plan avanza consensuado entre distintas \u00e1reas del Ayuntamiento y todos los grupos pol\u00edticos municipales, junto a otras instituciones p\u00fablicas y privadas y el Tercer Sector Social, para refrendar el compromiso con las personas en situaci\u00f3n de mayor vulnerabilidad. <\/strong><\/li>\n<li><strong>El Plan Municipal de Atenci\u00f3n a Personas Sin Hogar de Bilbao identifica 8 ejes de acci\u00f3n y 25 l\u00edneas de mejora para concretar y desarrollar en los pr\u00f3ximos cinco a\u00f1os.<\/strong><\/li>\n<\/ul>","protected":false},"excerpt":{"rendered":"<p>El Alcalde de Bilbao ha inaugurado hoy esta jornada t\u00e9cnica, orientada a concretar el I Plan Operativo, junto a m\u00e1s de sesenta profesionales de distintos \u00e1mbitos institucionales y del Tercer Sector. El Plan avanza consensuado entre distintas \u00e1reas del Ayuntamiento y todos los grupos pol\u00edticos municipales, junto a otras instituciones p\u00fablicas y privadas y el [&hellip;]<\/p>\n","protected":false},"author":1,"featured_media":0,"comment_status":"open","ping_status":"open","sticky":false,"template":"","format":"standard","meta":{"footnotes":""},"categories":[1],"tags":[],"class_list":["post-2459","post","type-post","status-publish","format-standard","hentry","category-sin-categoria"],"_links":{"self":[{"href":"https:\/\/discotecaanaconda.com\/index.php\/wp-json\/wp\/v2\/posts\/2459","targetHints":{"allow":["GET"]}}],"collection":[{"href":"https:\/\/discotecaanaconda.com\/index.php\/wp-json\/wp\/v2\/posts"}],"about":[{"href":"https:\/\/discotecaanaconda.com\/index.php\/wp-json\/wp\/v2\/types\/post"}],"author":[{"embeddable":true,"href":"https:\/\/discotecaanaconda.com\/index.php\/wp-json\/wp\/v2\/users\/1"}],"replies":[{"embeddable":true,"href":"https:\/\/discotecaanaconda.com\/index.php\/wp-json\/wp\/v2\/comments?post=2459"}],"version-history":[{"count":0,"href":"https:\/\/discotecaanaconda.com\/index.php\/wp-json\/wp\/v2\/posts\/2459\/revisions"}],"wp:attachment":[{"href":"https:\/\/discotecaanaconda.com\/index.php\/wp-json\/wp\/v2\/media?parent=2459"}],"wp:term":[{"taxonomy":"category","embeddable":true,"href":"https:\/\/discotecaanaconda.com\/index.php\/wp-json\/wp\/v2\/categories?post=2459"},{"taxonomy":"post_tag","embeddable":true,"href":"https:\/\/discotecaanaconda.com\/index.php\/wp-json\/wp\/v2\/tags?post=2459"}],"curies":[{"name":"wp","href":"https:\/\/api.w.org\/{rel}","templated":true}]}}