{"id":2423,"date":"2026-02-24T00:00:00","date_gmt":"2026-02-24T00:00:00","guid":{"rendered":"https:\/\/discotecaanaconda.com\/index.php\/2026\/02\/24\/arranca-hoy-gutun-zuria-bilbao-con-la-entrega-de-los-premios-bbk-gutun-zuria-bilbao-2026-a-valerie-miles-y-gerediaga-elkartea\/"},"modified":"2026-02-24T00:00:00","modified_gmt":"2026-02-24T00:00:00","slug":"arranca-hoy-gutun-zuria-bilbao-con-la-entrega-de-los-premios-bbk-gutun-zuria-bilbao-2026-a-valerie-miles-y-gerediaga-elkartea","status":"publish","type":"post","link":"https:\/\/discotecaanaconda.com\/index.php\/2026\/02\/24\/arranca-hoy-gutun-zuria-bilbao-con-la-entrega-de-los-premios-bbk-gutun-zuria-bilbao-2026-a-valerie-miles-y-gerediaga-elkartea\/","title":{"rendered":"ARRANCA HOY GUTUN ZURIA BILBAO CON LA ENTREGA DE LOS PREMIOS BBK GUTUN ZURIA BILBAO 2026 A VALERIE MILES Y GEREDIAGA ELKARTEA"},"content":{"rendered":"<ul>\n<li><strong>El Festival Internacional de las Letras de Azkuna Zentroa, que se celebra del 24 al 28 de febrero en Azkuna Zentroa, comienza esta tarde con la entrega de las makilas de honor en el Auditorio.<\/strong><\/li>\n<li><strong>En su 19\u00aa edici\u00f3n cuenta con una treintena de referentes de la literatura contempor\u00e1nea como Alana S. Portero, Didier Eribon, Miguel \u00c1ngel Hern\u00e1ndez, Layla Mart\u00ednez, Mario Obrero o Natalia Castro Pic\u00f3n, Bernardo Atxaga, Karmele Jaio, Miren Agur Meabe, Harkaitz Cano, Danele Sarriugarte, Hedoi Etxarte, Uxue Razquin, Lur Olaizola, Alba Garmendia y Jule Goikoetxea.<\/strong><\/li>\n<li><strong>Gutun Zuria Bilbao PRO re\u00fane a autoras y autores, editoriales y librer\u00edas para abordar los futuros posibles de la producci\u00f3n, difusi\u00f3n y lectura contempor\u00e1nea.<\/strong><\/li>\n<\/ul>","protected":false},"excerpt":{"rendered":"<p>El Festival Internacional de las Letras de Azkuna Zentroa, que se celebra del 24 al 28 de febrero en Azkuna Zentroa, comienza esta tarde con la entrega de las makilas de honor en el Auditorio. En su 19\u00aa edici\u00f3n cuenta con una treintena de referentes de la literatura contempor\u00e1nea como Alana S. Portero, Didier Eribon, [&hellip;]<\/p>\n","protected":false},"author":1,"featured_media":0,"comment_status":"open","ping_status":"open","sticky":false,"template":"","format":"standard","meta":{"footnotes":""},"categories":[1],"tags":[],"class_list":["post-2423","post","type-post","status-publish","format-standard","hentry","category-sin-categoria"],"_links":{"self":[{"href":"https:\/\/discotecaanaconda.com\/index.php\/wp-json\/wp\/v2\/posts\/2423","targetHints":{"allow":["GET"]}}],"collection":[{"href":"https:\/\/discotecaanaconda.com\/index.php\/wp-json\/wp\/v2\/posts"}],"about":[{"href":"https:\/\/discotecaanaconda.com\/index.php\/wp-json\/wp\/v2\/types\/post"}],"author":[{"embeddable":true,"href":"https:\/\/discotecaanaconda.com\/index.php\/wp-json\/wp\/v2\/users\/1"}],"replies":[{"embeddable":true,"href":"https:\/\/discotecaanaconda.com\/index.php\/wp-json\/wp\/v2\/comments?post=2423"}],"version-history":[{"count":0,"href":"https:\/\/discotecaanaconda.com\/index.php\/wp-json\/wp\/v2\/posts\/2423\/revisions"}],"wp:attachment":[{"href":"https:\/\/discotecaanaconda.com\/index.php\/wp-json\/wp\/v2\/media?parent=2423"}],"wp:term":[{"taxonomy":"category","embeddable":true,"href":"https:\/\/discotecaanaconda.com\/index.php\/wp-json\/wp\/v2\/categories?post=2423"},{"taxonomy":"post_tag","embeddable":true,"href":"https:\/\/discotecaanaconda.com\/index.php\/wp-json\/wp\/v2\/tags?post=2423"}],"curies":[{"name":"wp","href":"https:\/\/api.w.org\/{rel}","templated":true}]}}