{"id":2409,"date":"2026-02-20T00:00:00","date_gmt":"2026-02-20T00:00:00","guid":{"rendered":"https:\/\/discotecaanaconda.com\/index.php\/2026\/02\/20\/el-ied-kunsthal-bilbao-inaugura-y-tu-ta-zu-una-intervencion-grafica-urbana-de-caracter-temporal-que-transforma-el-deposito-de-aguas-del-antiguo-edificio-papelera\/"},"modified":"2026-02-20T00:00:00","modified_gmt":"2026-02-20T00:00:00","slug":"el-ied-kunsthal-bilbao-inaugura-y-tu-ta-zu-una-intervencion-grafica-urbana-de-caracter-temporal-que-transforma-el-deposito-de-aguas-del-antiguo-edificio-papelera","status":"publish","type":"post","link":"https:\/\/discotecaanaconda.com\/index.php\/2026\/02\/20\/el-ied-kunsthal-bilbao-inaugura-y-tu-ta-zu-una-intervencion-grafica-urbana-de-caracter-temporal-que-transforma-el-deposito-de-aguas-del-antiguo-edificio-papelera\/","title":{"rendered":"EL IED KUNSTHAL BILBAO INAUGURA \u201c\u00bfY T\u00da? TA ZU?\u201d, UNA INTERVENCI\u00d3N GR\u00c1FICA URBANA DE CAR\u00c1CTER TEMPORAL QUE TRANSFORMA EL DEP\u00d3SITO DE AGUAS DEL ANTIGUO EDIFICIO PAPELERA"},"content":{"rendered":"<ul>\n<li><strong>La intervenci\u00f3n, de car\u00e1cter ef\u00edmero, ha sido desarrollada por el alumnado del Grado Oficial en Dise\u00f1o Gr\u00e1fico del IED Kunsthal Bilbao, con la colaboraci\u00f3n del Museo Guggenheim Bilbao.<\/strong><\/li>\n<li><strong>El acto de inauguraci\u00f3n ha contado con la presencia del alcalde de Bilbao, Juan Mari Aburto; la directora del Museo Guggenheim Bilbao, Miren Arzalluz; y el director del IED Kunsthal Bilbao, Gaizka Zuazo.<\/strong><\/li>\n<li>\n<strong>D<\/strong><strong>urante el evento se ha proyectado el v\u00eddeo del proyecto del proceso creativo y se ha realizado el descubrimiento de la cartela identificativa de la intervenci\u00f3n.<\/strong>\n<\/li>\n<\/ul>","protected":false},"excerpt":{"rendered":"<p>La intervenci\u00f3n, de car\u00e1cter ef\u00edmero, ha sido desarrollada por el alumnado del Grado Oficial en Dise\u00f1o Gr\u00e1fico del IED Kunsthal Bilbao, con la colaboraci\u00f3n del Museo Guggenheim Bilbao. El acto de inauguraci\u00f3n ha contado con la presencia del alcalde de Bilbao, Juan Mari Aburto; la directora del Museo Guggenheim Bilbao, Miren Arzalluz; y el director [&hellip;]<\/p>\n","protected":false},"author":1,"featured_media":0,"comment_status":"open","ping_status":"open","sticky":false,"template":"","format":"standard","meta":{"footnotes":""},"categories":[1],"tags":[],"class_list":["post-2409","post","type-post","status-publish","format-standard","hentry","category-sin-categoria"],"_links":{"self":[{"href":"https:\/\/discotecaanaconda.com\/index.php\/wp-json\/wp\/v2\/posts\/2409","targetHints":{"allow":["GET"]}}],"collection":[{"href":"https:\/\/discotecaanaconda.com\/index.php\/wp-json\/wp\/v2\/posts"}],"about":[{"href":"https:\/\/discotecaanaconda.com\/index.php\/wp-json\/wp\/v2\/types\/post"}],"author":[{"embeddable":true,"href":"https:\/\/discotecaanaconda.com\/index.php\/wp-json\/wp\/v2\/users\/1"}],"replies":[{"embeddable":true,"href":"https:\/\/discotecaanaconda.com\/index.php\/wp-json\/wp\/v2\/comments?post=2409"}],"version-history":[{"count":0,"href":"https:\/\/discotecaanaconda.com\/index.php\/wp-json\/wp\/v2\/posts\/2409\/revisions"}],"wp:attachment":[{"href":"https:\/\/discotecaanaconda.com\/index.php\/wp-json\/wp\/v2\/media?parent=2409"}],"wp:term":[{"taxonomy":"category","embeddable":true,"href":"https:\/\/discotecaanaconda.com\/index.php\/wp-json\/wp\/v2\/categories?post=2409"},{"taxonomy":"post_tag","embeddable":true,"href":"https:\/\/discotecaanaconda.com\/index.php\/wp-json\/wp\/v2\/tags?post=2409"}],"curies":[{"name":"wp","href":"https:\/\/api.w.org\/{rel}","templated":true}]}}