{"id":1244,"date":"2025-04-01T00:00:00","date_gmt":"2025-04-01T00:00:00","guid":{"rendered":"https:\/\/discotecaanaconda.com\/index.php\/2025\/04\/01\/conciertos-en-el-kiosko-del-arenal-y-mucha-musica-para-todos-los-gustos-en-bilbao-basque-fest-2025\/"},"modified":"2025-04-01T00:00:00","modified_gmt":"2025-04-01T00:00:00","slug":"conciertos-en-el-kiosko-del-arenal-y-mucha-musica-para-todos-los-gustos-en-bilbao-basque-fest-2025","status":"publish","type":"post","link":"https:\/\/discotecaanaconda.com\/index.php\/2025\/04\/01\/conciertos-en-el-kiosko-del-arenal-y-mucha-musica-para-todos-los-gustos-en-bilbao-basque-fest-2025\/","title":{"rendered":"CONCIERTOS EN EL KIOSKO DEL ARENAL Y MUCHA M\u00daSICA PARA TODOS LOS GUSTOS EN BILBAO BASQUE FEST 2025"},"content":{"rendered":"<ul>\n<li><strong>El festival, organizado por el Ayuntamiento de Bilbao, se celebrar\u00e1 del 16 al 19 de abril para disfrutar con los cinco sentidos de la riqueza de la cultura vasca a trav\u00e9s del jazz, folk, rock, sonidos tradicionales y contempor\u00e1neos.<\/strong><\/li>\n<li>\n<strong>Los conciertos del reconocido grupo de m\u00fasica folk vasca <em>Korrontzi<\/em> y el quinteto <em>OrekaTx<\/em>, as\u00ed como la verbena de la agrupaci\u00f3n <\/strong><strong><em>Orek<\/em><\/strong><strong><em>\ua4d8<\/em><\/strong><strong><em>a<\/em><\/strong> <strong>brindar\u00e1n la oportunidad de deleitarse en el Kiosko del Arenal el jueves, viernes y s\u00e1bado a partir de las 20:30 horas.<\/strong>\n<\/li>\n<li><strong>El acto inaugural del festival en Azkuna Zentroa el mi\u00e9rcoles 16 de abril a las 19:00 horas correr\u00e1 a cargo de <em>Sensei Music Ensemble<\/em>, un proyecto que combina jazz, pop y folk de forma experimental y muy emocional.<\/strong><\/li>\n<\/ul>","protected":false},"excerpt":{"rendered":"<p>El festival, organizado por el Ayuntamiento de Bilbao, se celebrar\u00e1 del 16 al 19 de abril para disfrutar con los cinco sentidos de la riqueza de la cultura vasca a trav\u00e9s del jazz, folk, rock, sonidos tradicionales y contempor\u00e1neos. Los conciertos del reconocido grupo de m\u00fasica folk vasca Korrontzi y el quinteto OrekaTx, as\u00ed como [&hellip;]<\/p>\n","protected":false},"author":1,"featured_media":0,"comment_status":"open","ping_status":"open","sticky":false,"template":"","format":"standard","meta":{"footnotes":""},"categories":[1],"tags":[],"class_list":["post-1244","post","type-post","status-publish","format-standard","hentry","category-sin-categoria"],"_links":{"self":[{"href":"https:\/\/discotecaanaconda.com\/index.php\/wp-json\/wp\/v2\/posts\/1244","targetHints":{"allow":["GET"]}}],"collection":[{"href":"https:\/\/discotecaanaconda.com\/index.php\/wp-json\/wp\/v2\/posts"}],"about":[{"href":"https:\/\/discotecaanaconda.com\/index.php\/wp-json\/wp\/v2\/types\/post"}],"author":[{"embeddable":true,"href":"https:\/\/discotecaanaconda.com\/index.php\/wp-json\/wp\/v2\/users\/1"}],"replies":[{"embeddable":true,"href":"https:\/\/discotecaanaconda.com\/index.php\/wp-json\/wp\/v2\/comments?post=1244"}],"version-history":[{"count":0,"href":"https:\/\/discotecaanaconda.com\/index.php\/wp-json\/wp\/v2\/posts\/1244\/revisions"}],"wp:attachment":[{"href":"https:\/\/discotecaanaconda.com\/index.php\/wp-json\/wp\/v2\/media?parent=1244"}],"wp:term":[{"taxonomy":"category","embeddable":true,"href":"https:\/\/discotecaanaconda.com\/index.php\/wp-json\/wp\/v2\/categories?post=1244"},{"taxonomy":"post_tag","embeddable":true,"href":"https:\/\/discotecaanaconda.com\/index.php\/wp-json\/wp\/v2\/tags?post=1244"}],"curies":[{"name":"wp","href":"https:\/\/api.w.org\/{rel}","templated":true}]}}