{"id":1213,"date":"2025-03-24T00:00:00","date_gmt":"2025-03-24T00:00:00","guid":{"rendered":"https:\/\/discotecaanaconda.com\/index.php\/2025\/03\/24\/el-programa-elkarrekin-bidean-de-mejora-de-la-convivencia-escolar-en-bilbao-finaliza-con-buenos-resultados\/"},"modified":"2025-03-24T00:00:00","modified_gmt":"2025-03-24T00:00:00","slug":"el-programa-elkarrekin-bidean-de-mejora-de-la-convivencia-escolar-en-bilbao-finaliza-con-buenos-resultados","status":"publish","type":"post","link":"https:\/\/discotecaanaconda.com\/index.php\/2025\/03\/24\/el-programa-elkarrekin-bidean-de-mejora-de-la-convivencia-escolar-en-bilbao-finaliza-con-buenos-resultados\/","title":{"rendered":"EL PROGRAMA \u201cELKARREKIN BIDEAN\u201d DE MEJORA DE LA CONVIVENCIA ESCOLAR EN BILBAO FINALIZA CON BUENOS RESULTADOS"},"content":{"rendered":"<ul>\n<li><strong>Se trata de un proyecto piloto que se ha desarrollado entre octubre y marzo 2025 impulsado por el \u00c1rea de Educaci\u00f3n con la ayuda del Departamento de Justicia y Derechos Humanos de Gobierno Vasco a trav\u00e9s de la Asociaci\u00f3n de Mediaci\u00f3n Ongizate<\/strong><\/li>\n<li><strong>El programa se ha desarrollado en cuatro centros educativos de Bilbao, y en \u00e9l han participado 393 ni\u00f1as y ni\u00f1os con sus familias, as\u00ed como el profesorado<\/strong><\/li>\n<li><strong>Elkarrekin Bidean busca proporcionar herramientas de comunicaci\u00f3n y mediaci\u00f3n que fomenten la resoluci\u00f3n pac\u00edfica de conflictos, fortalezcan la cohesi\u00f3n grupal y la creaci\u00f3n de una red de apoyo frente a posibles situaciones de abuso<\/strong><\/li>\n<li><strong>Se han desarrollado 22 talleres para promover una convivencia positiva y lograr un mejor clima escolar mediante talleres sobre gesti\u00f3n de conflictos y mediaci\u00f3n entre iguales <\/strong><\/li>\n<\/ul>","protected":false},"excerpt":{"rendered":"<p>Se trata de un proyecto piloto que se ha desarrollado entre octubre y marzo 2025 impulsado por el \u00c1rea de Educaci\u00f3n con la ayuda del Departamento de Justicia y Derechos Humanos de Gobierno Vasco a trav\u00e9s de la Asociaci\u00f3n de Mediaci\u00f3n Ongizate El programa se ha desarrollado en cuatro centros educativos de Bilbao, y en [&hellip;]<\/p>\n","protected":false},"author":1,"featured_media":0,"comment_status":"open","ping_status":"open","sticky":false,"template":"","format":"standard","meta":{"footnotes":""},"categories":[1],"tags":[],"class_list":["post-1213","post","type-post","status-publish","format-standard","hentry","category-sin-categoria"],"_links":{"self":[{"href":"https:\/\/discotecaanaconda.com\/index.php\/wp-json\/wp\/v2\/posts\/1213","targetHints":{"allow":["GET"]}}],"collection":[{"href":"https:\/\/discotecaanaconda.com\/index.php\/wp-json\/wp\/v2\/posts"}],"about":[{"href":"https:\/\/discotecaanaconda.com\/index.php\/wp-json\/wp\/v2\/types\/post"}],"author":[{"embeddable":true,"href":"https:\/\/discotecaanaconda.com\/index.php\/wp-json\/wp\/v2\/users\/1"}],"replies":[{"embeddable":true,"href":"https:\/\/discotecaanaconda.com\/index.php\/wp-json\/wp\/v2\/comments?post=1213"}],"version-history":[{"count":0,"href":"https:\/\/discotecaanaconda.com\/index.php\/wp-json\/wp\/v2\/posts\/1213\/revisions"}],"wp:attachment":[{"href":"https:\/\/discotecaanaconda.com\/index.php\/wp-json\/wp\/v2\/media?parent=1213"}],"wp:term":[{"taxonomy":"category","embeddable":true,"href":"https:\/\/discotecaanaconda.com\/index.php\/wp-json\/wp\/v2\/categories?post=1213"},{"taxonomy":"post_tag","embeddable":true,"href":"https:\/\/discotecaanaconda.com\/index.php\/wp-json\/wp\/v2\/tags?post=1213"}],"curies":[{"name":"wp","href":"https:\/\/api.w.org\/{rel}","templated":true}]}}